{"id":1506,"date":"2026-04-25T14:28:36","date_gmt":"2026-04-25T12:28:36","guid":{"rendered":"https:\/\/parafiambrniepolomice.pl\/?p=1506"},"modified":"2026-04-25T14:28:36","modified_gmt":"2026-04-25T12:28:36","slug":"ogloszenia-parafialne-iv-niedziela-wielkanocna-2","status":"publish","type":"post","link":"https:\/\/parafiambrniepolomice.pl\/?p=1506","title":{"rendered":"Og\u0142oszenia parafialne IV Niedziela Wielkanocna"},"content":{"rendered":"\n<figure class=\"wp-block-image size-full\"><img loading=\"lazy\" decoding=\"async\" width=\"770\" height=\"471\" src=\"https:\/\/parafiambrniepolomice.pl\/wp-content\/uploads\/2025\/02\/ogloszenia-parafialne.jpg\" alt=\"\" class=\"wp-image-132\" srcset=\"https:\/\/parafiambrniepolomice.pl\/wp-content\/uploads\/2025\/02\/ogloszenia-parafialne.jpg 770w, https:\/\/parafiambrniepolomice.pl\/wp-content\/uploads\/2025\/02\/ogloszenia-parafialne-300x184.jpg 300w, https:\/\/parafiambrniepolomice.pl\/wp-content\/uploads\/2025\/02\/ogloszenia-parafialne-768x470.jpg 768w\" sizes=\"auto, (max-width: 706px) 89vw, (max-width: 767px) 82vw, 740px\" \/><\/figure>\n\n\n\n<p>W \u015brod\u0119 \u015bwi\u0119to \u015bw. Katarzyny ze Sieny, dziewicy, patronki Europy.<\/p>\n\n\n\n<p>W czwartek HSNSPJ poprowadzi Adoracj\u0119 Godziny \u015awi\u0119tej od 17:00, po Mszy \u015aw. maj\u0105 spotkanie w domu parafialnym.<\/p>\n\n\n\n<p>Pierwszy Pi\u0105tek miesi\u0105ca spowied\u017a od 17:00. W tym dniu rozpoczynaj\u0105 si\u0119 w naszym Ko\u015bciele Nabo\u017ce\u0144stwa majowe, codziennie o 17:30, zach\u0119camy do udzia\u0142u szczeg\u00f3lnie dzieci przygotowuj\u0105ce si\u0119 do I Komunii i m\u0142odzie\u017c przed bierzmowaniem. W ten pi\u0105tek nie obowi\u0105zuje wstrzemi\u0119\u017aliwo\u015b\u0107 od pokarm\u00f3w mi\u0119snych z okazji wspomnienia \u015bw. J\u00f3zefa.<\/p>\n\n\n\n<p>W sobot\u0119 Uroczysto\u015b\u0107 NMP Kr\u00f3lowej Polski przeniesiona z niedzieli, Msze \u015awi\u0119te w naszym Ko\u015bciele o 7:00, 11:30 i 18:00.<\/p>\n\n\n\n<p>Sk\u0142adka z ostatniej niedzieli wynios\u0142a 5877z\u0142.<\/p>\n\n\n\n<p>Dzi\u0119kujemy sze\u015bciu doros\u0142ym osobom i dw\u00f3jce dzieci z osiedla Eko Park, kt\u00f3rzy przyszli i posprz\u0105tali Ko\u015bci\u00f3\u0142, z\u0142o\u017cyli te\u017c 350 z\u0142 ofiary na Ko\u015bci\u00f3\u0142. Prosimy, aby w przysz\u0142y pi\u0105tek posprz\u0105tali sw\u00f3j Ko\u015bci\u00f3\u0142 parafianie z ul. Topolowej i Wi\u015blanej.<\/p>\n\n\n\n<p>Zbli\u017ca si\u0119 nasze parafialne \u015bwi\u0119to, Dzie\u0144 Matki, kt\u00f3ry planujemy 24 maja. Ju\u017c dzi\u015b prosimy Pa\u0144stwa o pomoc w organizacji i przekazywanie fant\u00f3w na Zabaw\u0119 Fantow\u0105. Fanty mo\u017cna sk\u0142ada\u0107 w zakrystii lub niezmiennie, od kilku lat bezpo\u015brednio do Pani Krystyny Augusty\u0144skiej.<\/p>\n\n\n\n<p>Zosta\u0142o kilka wolnych miejsc na parafialn\u0105 pielgrzymk\u0119 w terminie 17-23 wrze\u015bnia 2026. W tym roku celem naszej podr\u00f3\u017cy s\u0105 kraje nadba\u0142tyckie (Litwa, \u0141otwa, Estonia, rejs do Helsinek). Program oraz zapisy w zakrystii.<\/p>\n\n\n\n<p>28 kwietnia spotkanie dla kandydat\u00f3w do Bierzmowania z grupy A o 18:30 w domu parafialnym.<\/p>\n\n\n\n<p><\/p>\n","protected":false},"excerpt":{"rendered":"<p>W \u015brod\u0119 \u015bwi\u0119to \u015bw. Katarzyny ze Sieny, dziewicy, patronki Europy. W czwartek HSNSPJ poprowadzi Adoracj\u0119 Godziny \u015awi\u0119tej od 17:00, po Mszy \u015aw. maj\u0105 spotkanie w domu parafialnym. Pierwszy Pi\u0105tek miesi\u0105ca spowied\u017a od 17:00. W tym dniu rozpoczynaj\u0105 si\u0119 w naszym Ko\u015bciele Nabo\u017ce\u0144stwa majowe, codziennie o 17:30, zach\u0119camy do udzia\u0142u szczeg\u00f3lnie dzieci przygotowuj\u0105ce si\u0119 do I &hellip; <\/p>\n<p class=\"link-more\"><a href=\"https:\/\/parafiambrniepolomice.pl\/?p=1506\" class=\"more-link\">Czytaj dalej<span class=\"screen-reader-text\"> \u201eOg\u0142oszenia parafialne IV Niedziela Wielkanocna\u201d<\/span><\/a><\/p>\n","protected":false},"author":2,"featured_media":132,"comment_status":"closed","ping_status":"","sticky":false,"template":"","format":"standard","meta":{"footnotes":""},"categories":[2],"tags":[],"class_list":["post-1506","post","type-post","status-publish","format-standard","has-post-thumbnail","hentry","category-ogloszenia"],"_links":{"self":[{"href":"https:\/\/parafiambrniepolomice.pl\/index.php?rest_route=\/wp\/v2\/posts\/1506","targetHints":{"allow":["GET"]}}],"collection":[{"href":"https:\/\/parafiambrniepolomice.pl\/index.php?rest_route=\/wp\/v2\/posts"}],"about":[{"href":"https:\/\/parafiambrniepolomice.pl\/index.php?rest_route=\/wp\/v2\/types\/post"}],"author":[{"embeddable":true,"href":"https:\/\/parafiambrniepolomice.pl\/index.php?rest_route=\/wp\/v2\/users\/2"}],"replies":[{"embeddable":true,"href":"https:\/\/parafiambrniepolomice.pl\/index.php?rest_route=%2Fwp%2Fv2%2Fcomments&post=1506"}],"version-history":[{"count":1,"href":"https:\/\/parafiambrniepolomice.pl\/index.php?rest_route=\/wp\/v2\/posts\/1506\/revisions"}],"predecessor-version":[{"id":1507,"href":"https:\/\/parafiambrniepolomice.pl\/index.php?rest_route=\/wp\/v2\/posts\/1506\/revisions\/1507"}],"wp:featuredmedia":[{"embeddable":true,"href":"https:\/\/parafiambrniepolomice.pl\/index.php?rest_route=\/wp\/v2\/media\/132"}],"wp:attachment":[{"href":"https:\/\/parafiambrniepolomice.pl\/index.php?rest_route=%2Fwp%2Fv2%2Fmedia&parent=1506"}],"wp:term":[{"taxonomy":"category","embeddable":true,"href":"https:\/\/parafiambrniepolomice.pl\/index.php?rest_route=%2Fwp%2Fv2%2Fcategories&post=1506"},{"taxonomy":"post_tag","embeddable":true,"href":"https:\/\/parafiambrniepolomice.pl\/index.php?rest_route=%2Fwp%2Fv2%2Ftags&post=1506"}],"curies":[{"name":"wp","href":"https:\/\/api.w.org\/{rel}","templated":true}]}}