{"id":1508,"date":"2026-04-26T08:18:40","date_gmt":"2026-04-26T06:18:40","guid":{"rendered":"https:\/\/parafiambrniepolomice.pl\/?p=1508"},"modified":"2026-04-26T08:23:14","modified_gmt":"2026-04-26T06:23:14","slug":"iv-niedziela-wielkanocna-niedziela-dobrego-pasterza-26-04-2026","status":"publish","type":"post","link":"https:\/\/parafiambrniepolomice.pl\/?p=1508","title":{"rendered":"IV Niedziela Wielkanocna &#8211; Niedziela Dobrego Pasterza 26.04.2026"},"content":{"rendered":"\n<p><strong>Dzisiejsza niedziela, zwana Niedziel\u0105 Dobrego Pasterza, ju\u017c od ponad sze\u015b\u0107dziesi\u0119ciu lat obchodzona jest jako \u015awiatowy Dzie\u0144 Modlitw o Powo\u0142ania do kap\u0142a\u0144stwa i \u017cycia konsekrowanego.<\/strong>&nbsp;Ten szczeg\u00f3lny dzie\u0144 modlitwy chcemy rozszerzy\u0107 na ca\u0142y tydzie\u0144, aby przez siedem kolejnych dni, jeszcze intensywniej ni\u017c zwykle, modli\u0107 si\u0119 o to, by w Ko\u015bciele nie zabrak\u0142o nowych kap\u0142an\u00f3w i os\u00f3b konsekrowanych, kt\u00f3rzy zechc\u0105 odda\u0107 swoje \u017cycie na s\u0142u\u017cb\u0119 Bogu i ludziom.<\/p>\n\n\n\n<p>Kiedy by\u0142em dzieckiem, Ewangelia o Dobrym Pasterzu kojarzy\u0142a mi si\u0119 z obrazem przedstawiaj\u0105cym Jezusa nios\u0105cego na swych ramionach owieczk\u0119. Taki ciep\u0142y wizerunek Jezusa \u2013 troskliwego, delikatnego, u\u015bmiechni\u0119tego i w pi\u0119knych szatach. Gdy by\u0142em nastolatkiem, widzia\u0142em Jezusa w koronie cierniowej, zakrwawionego i d\u017awigaj\u0105cego na ramionach nie owieczk\u0119, ale ci\u0119\u017cki krzy\u017c.<\/p>\n\n\n\n<p>Ka\u017cdy z tych obraz\u00f3w, cho\u0107 diametralnie r\u00f3\u017cny, niesie to samo przes\u0142anie \u2013 Bogu zale\u017cy na mnie! Gdy jako niesforna owca chc\u0119 i\u015b\u0107 przez \u017cycie po swojemu, z dala od Niego, gdy za cen\u0119 przyjemno\u015bci i ulotnego szcz\u0119\u015bcia rezygnuj\u0119 z prawdziwej wolno\u015bci \u2013 On znajduje spos\u00f3b, by mnie odnale\u017a\u0107. Got\u00f3w jest na wszystko, nawet na \u015bmier\u0107, \u017cebym tylko ja m\u00f3g\u0142 by\u0107 wolny, szcz\u0119\u015bliwy, zbawiony. Dzi\u015b, gdy s\u0142ucham tej Ewangelii jako kap\u0142an, widz\u0119 na tym obrazie siebie niejako w podw\u00f3jnej roli \u2013 owcy i pasterza. Widz\u0119 siebie biegn\u0105cego obok Jezusa, ale nie zawsze pozwalaj\u0105cego si\u0119 wzi\u0105\u0107 na ramiona. Widz\u0119 owc\u0119, kt\u00f3ra zna Jego g\u0142os, ale nie zawsze chce Go s\u0142ucha\u0107, bo woli s\u0142ucha\u0107 samej siebie i realizowa\u0107 swoj\u0105 wizj\u0119 w\u0119dr\u00f3wki do nieba. Widz\u0119 Jezusa, kt\u00f3ry musi si\u0119 nie\u017ale nagimnastykowa\u0107, by utrzyma\u0107 mnie na w\u0142a\u015bciwej \u015bcie\u017cce. Oddaj\u0105c w kap\u0142a\u0144stwie swoje \u017cycie do dyspozycji Jezusowi, wiem, \u017ce mam by\u0107 Jego na\u015bladowc\u0105, mam by\u0107 do Niego podobny, \u017ce jak na tym obrazie tak jak On mam by\u0107 pasterzem. Mam czyni\u0107 wszystko dla owiec: zna\u0107 je i wo\u0142a\u0107 po imieniu, prowadzi\u0107 bezpiecznie, a kiedy trzeba \u2013 przenie\u015b\u0107 przez niebezpieczne zaro\u015bla. Widz\u0119, jak trudne to zadanie \u2013 bo nie ka\u017cda owieczka chce i\u015b\u0107 we wskazanym kierunku, nie ka\u017cda chce pozwoli\u0107 na to, by jej pom\u00f3c. Patrz\u0119 na ten obraz i prosz\u0119 Jezusa, by doda\u0142 mi si\u0142, bym nie zrezygnowa\u0142, ale by\u0142 cierpliwy jak On, bym kocha\u0142 jak On, bym wci\u0105\u017c szuka\u0142 sposobu, by uratowa\u0107 owce, bym by\u0142 got\u00f3w nawet na strat\u0119, byle tylko owce znalaz\u0142y \u017cyciodajne pastwisko. Nie\u0142atwe to zadanie, ale ilekro\u0107 przychodz\u0105 zniech\u0119cenie i pokusa, by jak najemnik porzuci\u0107 starania i wie\u015b\u0107 wygodne \u017cycie, wracam do obrazu niesfornej owieczki, kt\u00f3r\u0105 sam jestem, a kt\u00f3rej cierpliwie poszukuje Jezus. I ju\u017c wiem, \u017ce sensem relacji pasterz-owca jest mi\u0142o\u015b\u0107, kt\u00f3ra daje swoje \u017cycie nie tylko za drugiego, ale i drugiemu. Sk\u0142ada swoje \u017cycie w r\u0119ce kochanej osoby nie dlatego, \u017ce chce co\u015b ugra\u0107, osi\u0105gn\u0105\u0107, ale dlatego, \u017ce chce, by by\u0142a szcz\u0119\u015bliwa.<\/p>\n\n\n\n<p>Jezus z\u0142o\u017cy\u0142 swoje \u017cycie w naszych d\u0142oniach. Co uczynimy z tym darem?<\/p>\n\n\n\n<p>Dzi\u015b s\u0142uchasz tej Ewangelii i ty, kt\u00f3ry mo\u017ce nie jeste\u015b ksi\u0119dzem, ale jeste\u015b ojcem, matk\u0105, wujkiem, matk\u0105 chrzestn\u0105, przyjacielem, szefem w pracy&#8230; masz wok\u00f3\u0142 siebie tyle os\u00f3b, kt\u00f3re licz\u0105 na ciebie, dla kt\u00f3rych jeste\u015b niczym pasterz. Kogo dzi\u015b powiniene\u015b wzi\u0105\u0107 na ramiona? Komu da\u0107 swoje \u017cycie? Oby\u015bmy nie uciekli, widz\u0105c rozw\u015bcieczone wilki, ale mieli w sobie odwag\u0119, by walczy\u0107. Trudne to zadanie, ale mo\u017cliwe do wykonania, je\u015bli pozwolimy na to, by Jezus nas ratowa\u0142 w sakramencie pokuty i pojednania.<\/p>\n\n\n\n<p>Ks. Pawe\u0142 Borowski<\/p>\n","protected":false},"excerpt":{"rendered":"<p>Dzisiejsza niedziela, zwana Niedziel\u0105 Dobrego Pasterza, ju\u017c od ponad sze\u015b\u0107dziesi\u0119ciu lat obchodzona jest jako \u015awiatowy Dzie\u0144 Modlitw o Powo\u0142ania do kap\u0142a\u0144stwa i \u017cycia konsekrowanego.&nbsp;Ten szczeg\u00f3lny dzie\u0144 modlitwy chcemy rozszerzy\u0107 na ca\u0142y tydzie\u0144, aby przez siedem kolejnych dni, jeszcze intensywniej ni\u017c zwykle, modli\u0107 si\u0119 o to, by w Ko\u015bciele nie zabrak\u0142o nowych kap\u0142an\u00f3w i os\u00f3b konsekrowanych, &hellip; <\/p>\n<p class=\"link-more\"><a href=\"https:\/\/parafiambrniepolomice.pl\/?p=1508\" class=\"more-link\">Czytaj dalej<span class=\"screen-reader-text\"> \u201eIV Niedziela Wielkanocna &#8211; Niedziela Dobrego Pasterza 26.04.2026\u201d<\/span><\/a><\/p>\n","protected":false},"author":3,"featured_media":1512,"comment_status":"closed","ping_status":"closed","sticky":false,"template":"","format":"standard","meta":{"footnotes":""},"categories":[4],"tags":[],"class_list":["post-1508","post","type-post","status-publish","format-standard","has-post-thumbnail","hentry","category-wydarzenia"],"_links":{"self":[{"href":"https:\/\/parafiambrniepolomice.pl\/index.php?rest_route=\/wp\/v2\/posts\/1508","targetHints":{"allow":["GET"]}}],"collection":[{"href":"https:\/\/parafiambrniepolomice.pl\/index.php?rest_route=\/wp\/v2\/posts"}],"about":[{"href":"https:\/\/parafiambrniepolomice.pl\/index.php?rest_route=\/wp\/v2\/types\/post"}],"author":[{"embeddable":true,"href":"https:\/\/parafiambrniepolomice.pl\/index.php?rest_route=\/wp\/v2\/users\/3"}],"replies":[{"embeddable":true,"href":"https:\/\/parafiambrniepolomice.pl\/index.php?rest_route=%2Fwp%2Fv2%2Fcomments&post=1508"}],"version-history":[{"count":1,"href":"https:\/\/parafiambrniepolomice.pl\/index.php?rest_route=\/wp\/v2\/posts\/1508\/revisions"}],"predecessor-version":[{"id":1510,"href":"https:\/\/parafiambrniepolomice.pl\/index.php?rest_route=\/wp\/v2\/posts\/1508\/revisions\/1510"}],"wp:featuredmedia":[{"embeddable":true,"href":"https:\/\/parafiambrniepolomice.pl\/index.php?rest_route=\/wp\/v2\/media\/1512"}],"wp:attachment":[{"href":"https:\/\/parafiambrniepolomice.pl\/index.php?rest_route=%2Fwp%2Fv2%2Fmedia&parent=1508"}],"wp:term":[{"taxonomy":"category","embeddable":true,"href":"https:\/\/parafiambrniepolomice.pl\/index.php?rest_route=%2Fwp%2Fv2%2Fcategories&post=1508"},{"taxonomy":"post_tag","embeddable":true,"href":"https:\/\/parafiambrniepolomice.pl\/index.php?rest_route=%2Fwp%2Fv2%2Ftags&post=1508"}],"curies":[{"name":"wp","href":"https:\/\/api.w.org\/{rel}","templated":true}]}}