{"id":1576,"date":"2026-05-31T22:26:36","date_gmt":"2026-05-31T20:26:36","guid":{"rendered":"https:\/\/parafiambrniepolomice.pl\/?p=1576"},"modified":"2026-06-20T16:36:06","modified_gmt":"2026-06-20T14:36:06","slug":"intencje-mszalne-czerwiec-2026","status":"publish","type":"post","link":"https:\/\/parafiambrniepolomice.pl\/?p=1576","title":{"rendered":"Intencje mszalne &#8211; czerwiec 2026"},"content":{"rendered":"\n<p class=\"wp-block-paragraph\"><strong>1.06.2026<\/strong> <strong>(poniedzia\u0142ek)<\/strong><\/p>\n\n\n\n<p class=\"wp-block-paragraph\"><strong>7:00   <\/strong>+ Barbara Drewniak &#8211; 1 gregoria\u0144ska<\/p>\n\n\n\n<p class=\"wp-block-paragraph\"><strong>18:00 <\/strong>+ Ludwina Bukowska &#8211; w 5 rocznic\u0119 \u015bmierci<\/p>\n\n\n\n<p class=\"wp-block-paragraph\"><strong>2.06.2026 (wtorek)<\/strong><\/p>\n\n\n\n<p class=\"wp-block-paragraph\"><strong>7:00   <\/strong>+ Barbara Drewniak &#8211; 2 gregoria\u0144ska<\/p>\n\n\n\n<p class=\"wp-block-paragraph\"><strong>18:00 <\/strong>Za Lidi\u0119 Pytel w rocznice urodzin &#8211; od m\u0119\u017ca i dzieci<\/p>\n\n\n\n<p class=\"wp-block-paragraph\"><strong>3.06.2026 (\u015broda)<\/strong><\/p>\n\n\n\n<p class=\"wp-block-paragraph\"><strong>7:00   <\/strong>+ Barbara Drewniak &#8211; 3 gregoria\u0144ska<\/p>\n\n\n\n<p class=\"wp-block-paragraph\"><strong>18:00 <\/strong>+ Boles\u0142aw Piwowarczyk, Kazimiera Choch\u00f3\u0142, + Edward i Edwarda i Bogus\u0142aw Drapa\u0142a<\/p>\n\n\n\n<p class=\"wp-block-paragraph\">                 i zmarli z rodziny<\/p>\n\n\n\n<p class=\"has-vivid-red-color has-text-color has-link-color wp-elements-1 wp-block-paragraph\"><strong>4.06.2026 (czwartek) BO\u017bE CIA\u0141O<\/strong><\/p>\n\n\n\n<p class=\"has-vivid-red-color has-text-color has-link-color wp-elements-2 wp-block-paragraph\"><strong>7:00   <\/strong>Za Dominika Malarza w 18 roczn. urodzin &#8211; od rodzic\u00f3w, siostry Mai oraz dziadk\u00f3w<\/p>\n\n\n\n<p class=\"has-vivid-red-color has-text-color has-link-color wp-elements-3 wp-block-paragraph\"><strong>8:30   <\/strong>+ Anna , J\u00f3zef Fija\u0142 &#8211; w 40 rocznic\u0119 \u015bmierci<\/p>\n\n\n\n<p class=\"has-vivid-red-color has-text-color has-link-color wp-elements-4 wp-block-paragraph\"><strong>10:00 <\/strong>+ Tadeusz i Marianna Karpi\u0144scy &#8211; od c\u00f3rki z rodzin\u0105<\/p>\n\n\n\n<p class=\"has-vivid-red-color has-text-color has-link-color wp-elements-5 wp-block-paragraph\"><strong>11:30 <\/strong>+ Barbara Drewniak &#8211; 4 gregoria\u0144ska<\/p>\n\n\n\n<p class=\"has-vivid-red-color has-text-color has-link-color wp-elements-6 wp-block-paragraph\"><strong>18:00 <\/strong>+ Ryszard Zaj\u0105c, rodzice Stanis\u0142aw i Helena oraz siostra Jolanta<\/p>\n\n\n\n<p class=\"wp-block-paragraph\"><strong>5.06.2026 (pi\u0105tek)<\/strong><\/p>\n\n\n\n<p class=\"wp-block-paragraph\"><strong>7:00   <\/strong>+ Zofia Drabina &#8211; od \u015alusarczyk\u00f3w z Powi\u015bla<\/p>\n\n\n\n<p class=\"wp-block-paragraph\"><strong>18:00 <\/strong>+ Barbara Drewniak &#8211; 5 gregoria\u0144ska<\/p>\n\n\n\n<p class=\"wp-block-paragraph\"><strong>6.06.2026 (sobota)<\/strong><\/p>\n\n\n\n<p class=\"wp-block-paragraph\"><strong>7:00   <\/strong>+ Barbara Drewniak &#8211; 6 gregoria\u0144ska<\/p>\n\n\n\n<p class=\"wp-block-paragraph\"><strong>18:00 <\/strong>Za Paulin\u0119 i Wojciecha &#8211; w 15 rocznic\u0119 \u015blubu<\/p>\n\n\n\n<p class=\"has-vivid-red-color has-text-color has-link-color wp-elements-7 wp-block-paragraph\"><strong>7.06.2026 (niedziela)<\/strong><\/p>\n\n\n\n<p class=\"has-vivid-red-color has-text-color has-link-color wp-elements-8 wp-block-paragraph\"><strong>7:00   <\/strong>+ Wies\u0142aw Lenda<\/p>\n\n\n\n<p class=\"has-vivid-red-color has-text-color has-link-color wp-elements-9 wp-block-paragraph\"><strong>8:30   <\/strong>+ Jan Dziado\u0144 &#8211; w 21 rocznic\u0119 \u015bmierci<\/p>\n\n\n\n<p class=\"has-vivid-red-color has-text-color has-link-color wp-elements-10 wp-block-paragraph\"><strong>10:00 <\/strong>+ Jan i Stanis\u0142awa Malada &#8211; w rocznic\u0119 \u015bmierci<\/p>\n\n\n\n<p class=\"has-vivid-red-color has-text-color has-link-color wp-elements-11 wp-block-paragraph\"><strong>11:30 1) <\/strong>W 20 rocznic\u0119 \u015blubu Ani i Artura<\/p>\n\n\n\n<p class=\"has-vivid-red-color has-text-color has-link-color wp-elements-12 wp-block-paragraph\">             <strong>2) <\/strong>Za Weronik\u0119 w 18 rocznic\u0119 urodzin<\/p>\n\n\n\n<p class=\"has-vivid-red-color has-text-color has-link-color wp-elements-13 wp-block-paragraph\"><strong>18:00 <\/strong>+ Barbara Drewniak &#8211; 7 gregoria\u0144ska<\/p>\n\n\n\n<p class=\"wp-block-paragraph\"><strong>8.06.2026 (poniedzia\u0142ek)<\/strong><\/p>\n\n\n\n<p class=\"wp-block-paragraph\"><strong>7:00   <\/strong>+ Barbara Drewniak &#8211; 8 gregoria\u0144ska<\/p>\n\n\n\n<p class=\"wp-block-paragraph\"><strong>8:30   <\/strong>+ Maria, Tadeusz , Zofia Walisz<\/p>\n\n\n\n<p class=\"wp-block-paragraph\"><strong>18:00 <\/strong>+ Wies\u0142aw Bartnik<\/p>\n\n\n\n<p class=\"wp-block-paragraph\"><strong>9.06.2026 (wtorek)<\/strong><\/p>\n\n\n\n<p class=\"wp-block-paragraph\"><strong>7:00   <\/strong>+ Barbara Drewniak &#8211; 9 gregoria\u0144ska<\/p>\n\n\n\n<p class=\"wp-block-paragraph\"><strong>18:00 <\/strong>+ Zofia Drabina &#8211; od Patrycji i Tadeusza Pasternak z dzie\u0107mi<\/p>\n\n\n\n<p class=\"wp-block-paragraph\"><strong>10.06.2026 (\u015broda)<\/strong><\/p>\n\n\n\n<p class=\"wp-block-paragraph\"><strong>7:00   <\/strong>+ Franciszka, Maria, Marta, Marian Toro\u0144<\/p>\n\n\n\n<p class=\"wp-block-paragraph\"><strong>18:00 <\/strong>+ Barbara Drewniak &#8211; 10 gregoria\u0144ska<\/p>\n\n\n\n<p class=\"wp-block-paragraph\"><strong>11.06.2026 (czwartek)<\/strong><\/p>\n\n\n\n<p class=\"wp-block-paragraph\"><strong>7:00   <\/strong>+ Barbara Drewniak &#8211; 11 gregoria\u0144ska<\/p>\n\n\n\n<p class=\"wp-block-paragraph\"><strong>18:00 <\/strong>+ W\u0142adys\u0142aw Orze\u0142 &#8211; w 16 rocznic\u0119 \u015bmierci<\/p>\n\n\n\n<p class=\"wp-block-paragraph\"><strong>12.06.2026 (pi\u0105tek)<\/strong> <strong>UROCZYSTO\u015a\u0106 NAJ\u015aWI\u0118TSZEGO SERCA PANA JEZUSA<\/strong><\/p>\n\n\n\n<p class=\"wp-block-paragraph\"><strong>7:00   <\/strong>+ Barbara Drewniak &#8211; 12 gregoria\u0144ska<\/p>\n\n\n\n<p class=\"wp-block-paragraph\"><strong>18:00 <\/strong>Za HSNSPJ &#8211; z podzi\u0119kowaniem za \u0142aski i pro\u015bb\u0105 o rozw\u00f3j<\/p>\n\n\n\n<p class=\"wp-block-paragraph\"><strong>13.06.2026 (sobota)<\/strong><\/p>\n\n\n\n<p class=\"wp-block-paragraph\"><strong>7:00   <\/strong>+ Barbara Drewniak &#8211; 13 gregoria\u0144ska<\/p>\n\n\n\n<p class=\"wp-block-paragraph\"><strong>18:00 <\/strong>+ Kazimierz Kania<\/p>\n\n\n\n<p class=\"has-vivid-red-color has-text-color has-link-color wp-elements-14 wp-block-paragraph\"><strong>14.06.2026 (niedziela)<\/strong><\/p>\n\n\n\n<p class=\"has-vivid-red-color has-text-color has-link-color wp-elements-15 wp-block-paragraph\"><strong>7:00   <\/strong>+ Jan Biernat &#8211; w 3 rocznic\u0119 \u015bmierci<\/p>\n\n\n\n<p class=\"has-vivid-red-color has-text-color has-link-color wp-elements-16 wp-block-paragraph\"><strong>8:30   <\/strong>+ Bo\u017cena Twardowska<\/p>\n\n\n\n<p class=\"has-vivid-red-color has-text-color has-link-color wp-elements-17 wp-block-paragraph\"><strong>10:00 <\/strong>Za zmar\u0142ych z rodzin \u015bpiewaj\u0105cych maj\u00f3wki na K\u0119pie i Ko\u017alicy<\/p>\n\n\n\n<p class=\"has-vivid-red-color has-text-color has-link-color wp-elements-18 wp-block-paragraph\"><strong>11:30 <\/strong>Za Lucyn\u0119 w 70 urodziny &#8211; od dzieci<\/p>\n\n\n\n<p class=\"has-vivid-red-color has-text-color has-link-color wp-elements-19 wp-block-paragraph\"><strong>18:00 <\/strong>+ Barbara Drewniak &#8211; 14 gregoria\u0144ska<\/p>\n\n\n\n<p class=\"wp-block-paragraph\"><strong>15.06.2026 (poniedzia\u0142ek)<\/strong><\/p>\n\n\n\n<p class=\"wp-block-paragraph\"><strong>7:00   <\/strong>+ Barbara Drewniak &#8211; 15 gregoria\u0144ska<\/p>\n\n\n\n<p class=\"wp-block-paragraph\"><strong>18:00 <\/strong>+ Zofia Krupa &#8211; od Ma\u0142gorzaty<\/p>\n\n\n\n<p class=\"wp-block-paragraph\"><strong>16.06.2026 (wtorek)<\/strong><\/p>\n\n\n\n<p class=\"wp-block-paragraph\"><strong>7:00<\/strong>  + Adam Mleko &#8211; od kolegi Kazimierza Pi\u0119tki z rodzin\u0105<\/p>\n\n\n\n<p class=\"wp-block-paragraph\"><strong>18:00 <\/strong>+ Barbara Drewniak &#8211; 16 gregoria\u0144ska<\/p>\n\n\n\n<p class=\"wp-block-paragraph\"><strong>17.06.2026 (\u015broda)<\/strong><\/p>\n\n\n\n<p class=\"wp-block-paragraph\"><strong>7:00   <\/strong>+ Barbara Drewniak &#8211; 17 gregoria\u0144ska<\/p>\n\n\n\n<p class=\"wp-block-paragraph\"><strong>18:00 <\/strong>= Jadwiga i W\u0142adys\u0142aw Szewczyk<\/p>\n\n\n\n<p class=\"wp-block-paragraph\"><strong>18.06.2026 (czwartek)<\/strong><\/p>\n\n\n\n<p class=\"wp-block-paragraph\"><strong>7:00   <\/strong>+ Adam Mleko &#8211; od s\u0105siad\u00f3w Wojciechowskich<\/p>\n\n\n\n<p class=\"wp-block-paragraph\"><strong>18:00 <\/strong>+ Barbara Drewniak &#8211; 18 gregoria\u0144ska<\/p>\n\n\n\n<p class=\"wp-block-paragraph\"><strong>19.06.2026 (pi\u0105tek)<\/strong><\/p>\n\n\n\n<p class=\"wp-block-paragraph\"><strong>7:00   <\/strong>+ Barbara Drewniak &#8211; 19 gregoria\u0144ska<\/p>\n\n\n\n<p class=\"wp-block-paragraph\"><strong>18:00 <\/strong>Za El\u017cbiet\u0119 i Waldemara &#8211; w 50 rocznic\u0119 \u015blubu<\/p>\n\n\n\n<p class=\"wp-block-paragraph\"><strong>20.06.2026. (sobota)<\/strong><\/p>\n\n\n\n<p class=\"wp-block-paragraph\"><strong>7:00   <\/strong>+ Barbara Drewniak &#8211; 20 gregoria\u0144ska<\/p>\n\n\n\n<p class=\"wp-block-paragraph\"><strong>18:00 <\/strong>+ Janina i Franciszek Siwek &#8211; na imieniny<\/p>\n\n\n\n<p class=\"has-vivid-red-color has-text-color has-link-color wp-elements-20 wp-block-paragraph\"><strong>21.06.2026 (niedziela)<\/strong><\/p>\n\n\n\n<p class=\"has-vivid-red-color has-text-color has-link-color wp-elements-21 wp-block-paragraph\"><strong>7:00   <\/strong>+ Barbara Drewniak &#8211; 21 gregoria\u0144ska<\/p>\n\n\n\n<p class=\"has-vivid-red-color has-text-color has-link-color wp-elements-22 wp-block-paragraph\"><strong>8:30   <\/strong>+ Jan Dziado\u0144<\/p>\n\n\n\n<p class=\"has-vivid-red-color has-text-color has-link-color wp-elements-23 wp-block-paragraph\"><strong>10:00 <\/strong>Za Danut\u0119 i Wies\u0142awa dzi\u0119kczynna w 40 rocz. \u015bl.-z pro\u015b. o \u0142aski i b\u0142og. oraz opiek\u0119 MB<\/p>\n\n\n\n<p class=\"has-vivid-red-color has-text-color has-link-color wp-elements-24 wp-block-paragraph\"><strong>11:30 1) <\/strong>+ Zofia Drabina &#8211; od W\u0142adys\u0142awy i Stanis\u0142awa Krupa<\/p>\n\n\n\n<p class=\"has-vivid-red-color has-text-color has-link-color wp-elements-25 wp-block-paragraph\">             <strong> 2)<\/strong> Za pomordowanych i poleg\u0142ych \u017co\u0142nierzy 5 Dywizjonu Artylerii Konnej.<\/p>\n\n\n\n<p class=\"has-vivid-red-color has-text-color has-link-color wp-elements-26 wp-block-paragraph\"><strong>18:00 <\/strong>Za Paulin\u0119 i Wojciecha &#8211; w 10 rocznic\u0119 \u015blubu<\/p>\n\n\n\n<p class=\"has-black-color has-text-color has-link-color wp-elements-27 wp-block-paragraph\"><strong>22.06.2026 (poniedzia\u0142ek)<\/strong><\/p>\n\n\n\n<p class=\"has-black-color has-text-color has-link-color wp-elements-28 wp-block-paragraph\"><strong>7:00   <\/strong>+ Zofia Drabina &#8211; od Pani Fiemowej<\/p>\n\n\n\n<p class=\"has-black-color has-text-color has-link-color wp-elements-29 wp-block-paragraph\"><strong>18:00 <\/strong>+ Barbara Drewniak &#8211; 22 gregoria\u0144ska<\/p>\n\n\n\n<p class=\"has-black-color has-text-color has-link-color wp-elements-30 wp-block-paragraph\"><strong>23.06.2026 (wtorek)<\/strong><\/p>\n\n\n\n<p class=\"has-black-color has-text-color has-link-color wp-elements-31 wp-block-paragraph\"><strong>7:00   <\/strong>+ Barbara Drewniak &#8211; 23 gregoria\u0144ska<\/p>\n\n\n\n<p class=\"has-black-color has-text-color has-link-color wp-elements-32 wp-block-paragraph\"><strong>18:00 <\/strong>+ Janina i Mieczys\u0142aw Boguccy<\/p>\n\n\n\n<p class=\"has-black-color has-text-color has-link-color wp-elements-33 wp-block-paragraph\"><strong>24.06.2026 (\u015broda)<\/strong><\/p>\n\n\n\n<p class=\"has-black-color has-text-color has-link-color wp-elements-34 wp-block-paragraph\"><strong>7:00   <\/strong>+ Barbara Drewniak &#8211; 24 gregoria\u0144ska<\/p>\n\n\n\n<p class=\"has-black-color has-text-color has-link-color wp-elements-35 wp-block-paragraph\"><strong>18:00 <\/strong>+ Jan Toro\u0144 &#8211; na imieniny<\/p>\n\n\n\n<p class=\"has-black-color has-text-color has-link-color wp-elements-36 wp-block-paragraph\"><strong>25.06.2026 (czwartek)<\/strong><\/p>\n\n\n\n<p class=\"has-black-color has-text-color has-link-color wp-elements-37 wp-block-paragraph\"><strong>7:00   <\/strong>+ Jan Sikora &#8211; w rocznic\u0119 \u015bmeirci<\/p>\n\n\n\n<p class=\"has-black-color has-text-color has-link-color wp-elements-38 wp-block-paragraph\"><strong>18:00 <\/strong>+ Barbara Drewniak &#8211; 25 gregoria\u0144ska<\/p>\n\n\n\n<p class=\"has-black-color has-text-color has-link-color wp-elements-39 wp-block-paragraph\"><strong>26.06.2026 (pi\u0105tek)<\/strong><\/p>\n\n\n\n<p class=\"has-black-color has-text-color has-link-color wp-elements-40 wp-block-paragraph\"><strong>7:00   <\/strong>+ Barbara Drewniak &#8211; 26 gregoria\u0144ska<\/p>\n\n\n\n<p class=\"has-black-color has-text-color has-link-color wp-elements-41 wp-block-paragraph\"><strong>18:00 <\/strong>+ W\u0142adys\u0142aw Szczepanek &#8211; na imieniny<\/p>\n\n\n\n<p class=\"has-black-color has-text-color has-link-color wp-elements-42 wp-block-paragraph\"><strong>27.06.2026 (sobota)<\/strong><\/p>\n\n\n\n<p class=\"has-black-color has-text-color has-link-color wp-elements-43 wp-block-paragraph\"><strong>7:00   <\/strong>+ Barbara Drewniak &#8211; 27 gregoria\u0144ska<\/p>\n\n\n\n<p class=\"has-black-color has-text-color has-link-color wp-elements-44 wp-block-paragraph\"><strong>18:00 <\/strong>Za Teres\u0119 i Jana Wajd\u00f3w &#8211; w 10 rocznic\u0119 \u015blubu<\/p>\n\n\n\n<p class=\"has-vivid-red-color has-text-color has-link-color wp-elements-45 wp-block-paragraph\"><strong>28.06.2026 (niedziela)<\/strong><\/p>\n\n\n\n<p class=\"has-vivid-red-color has-text-color has-link-color wp-elements-46 wp-block-paragraph\"><strong>7:00   <\/strong>Za Monik\u0119 i Zbigniewa &#8211; dzi\u0119kczynna w 25 rocznic\u0119 \u015blubu<\/p>\n\n\n\n<p class=\"has-vivid-red-color has-text-color has-link-color wp-elements-47 wp-block-paragraph\"><strong>8:30   <\/strong>Za ks. Piotra Kosakowskiego na imieniny &#8211; od parafian i Margaretek<\/p>\n\n\n\n<p class=\"has-vivid-red-color has-text-color has-link-color wp-elements-48 wp-block-paragraph\"><strong>10:00 <\/strong>+ Barbara Drewniak &#8211; 28 gregoria\u0144ska<\/p>\n\n\n\n<p class=\"has-vivid-red-color has-text-color has-link-color wp-elements-49 wp-block-paragraph\"><strong>11:30 <\/strong>+ Zofia Drabina &#8211; od Krystyny i Adama Szymczyk z dzie\u0107mi<\/p>\n\n\n\n<p class=\"has-vivid-red-color has-text-color has-link-color wp-elements-50 wp-block-paragraph\"><strong>18:00 <\/strong>+ Wanda Kruk &#8211; na imieniny<\/p>\n\n\n\n<p class=\"has-black-color has-text-color has-link-color wp-elements-51 wp-block-paragraph\"><strong>29.06.2026 (poniedzia\u0142ek)<\/strong><\/p>\n\n\n\n<p class=\"has-black-color has-text-color has-link-color wp-elements-52 wp-block-paragraph\"><strong>7:00   1) <\/strong>+ Zofia Drabina &#8211; od Stanis\u0142awy P\u0142atek<\/p>\n\n\n\n<p class=\"has-black-color has-text-color has-link-color wp-elements-53 wp-block-paragraph\">             <strong>2) <\/strong>+ Barbara Drewniak &#8211; 29 gregoria\u0144ska<\/p>\n\n\n\n<p class=\"has-black-color has-text-color has-link-color wp-elements-54 wp-block-paragraph\"><strong>8:30   <\/strong>Za Jasia z okazji urodzin &#8211; od dziadk\u00f3w<\/p>\n\n\n\n<p class=\"has-black-color has-text-color has-link-color wp-elements-55 wp-block-paragraph\"><strong>18:00 <\/strong>Za ks. Piotra Kosakowskiego &#8211; od R\u00f3\u017c R\u00f3\u017ca\u0144cowych i HSNSPJ<\/p>\n\n\n\n<p class=\"has-black-color has-text-color has-link-color wp-elements-56 wp-block-paragraph\"><strong>30.06.2026 (wtorek)<\/strong><\/p>\n\n\n\n<p class=\"has-black-color has-text-color has-link-color wp-elements-57 wp-block-paragraph\"><strong>7:00   <\/strong>+ Adam Mleko &#8211; od Renaty i Andrzeja Surowiec<\/p>\n\n\n\n<p class=\"has-black-color has-text-color has-link-color wp-elements-58 wp-block-paragraph\"><strong>18:00 <\/strong>+ Barbara Drewniak &#8211; 30 gregoria\u0144ska<\/p>\n\n\n\n<p class=\"wp-block-paragraph\"><\/p>\n\n\n\n<p class=\"wp-block-paragraph\"><\/p>\n","protected":false},"excerpt":{"rendered":"<p>1.06.2026 (poniedzia\u0142ek) 7:00 + Barbara Drewniak &#8211; 1 gregoria\u0144ska 18:00 + Ludwina Bukowska &#8211; w 5 rocznic\u0119 \u015bmierci 2.06.2026 (wtorek) 7:00 + Barbara Drewniak &#8211; 2 gregoria\u0144ska 18:00 Za Lidi\u0119 Pytel w rocznice urodzin &#8211; od m\u0119\u017ca i dzieci 3.06.2026 (\u015broda) 7:00 + Barbara Drewniak &#8211; 3 gregoria\u0144ska 18:00 + Boles\u0142aw Piwowarczyk, Kazimiera Choch\u00f3\u0142, + &hellip; <\/p>\n<p class=\"link-more\"><a href=\"https:\/\/parafiambrniepolomice.pl\/?p=1576\" class=\"more-link\">Czytaj dalej<span class=\"screen-reader-text\"> \u201eIntencje mszalne &#8211; czerwiec 2026\u201d<\/span><\/a><\/p>\n","protected":false},"author":3,"featured_media":424,"comment_status":"closed","ping_status":"","sticky":false,"template":"","format":"standard","meta":{"footnotes":""},"categories":[3],"tags":[],"class_list":["post-1576","post","type-post","status-publish","format-standard","has-post-thumbnail","hentry","category-intencje"],"_links":{"self":[{"href":"https:\/\/parafiambrniepolomice.pl\/index.php?rest_route=\/wp\/v2\/posts\/1576","targetHints":{"allow":["GET"]}}],"collection":[{"href":"https:\/\/parafiambrniepolomice.pl\/index.php?rest_route=\/wp\/v2\/posts"}],"about":[{"href":"https:\/\/parafiambrniepolomice.pl\/index.php?rest_route=\/wp\/v2\/types\/post"}],"author":[{"embeddable":true,"href":"https:\/\/parafiambrniepolomice.pl\/index.php?rest_route=\/wp\/v2\/users\/3"}],"replies":[{"embeddable":true,"href":"https:\/\/parafiambrniepolomice.pl\/index.php?rest_route=%2Fwp%2Fv2%2Fcomments&post=1576"}],"version-history":[{"count":3,"href":"https:\/\/parafiambrniepolomice.pl\/index.php?rest_route=\/wp\/v2\/posts\/1576\/revisions"}],"predecessor-version":[{"id":1626,"href":"https:\/\/parafiambrniepolomice.pl\/index.php?rest_route=\/wp\/v2\/posts\/1576\/revisions\/1626"}],"wp:featuredmedia":[{"embeddable":true,"href":"https:\/\/parafiambrniepolomice.pl\/index.php?rest_route=\/wp\/v2\/media\/424"}],"wp:attachment":[{"href":"https:\/\/parafiambrniepolomice.pl\/index.php?rest_route=%2Fwp%2Fv2%2Fmedia&parent=1576"}],"wp:term":[{"taxonomy":"category","embeddable":true,"href":"https:\/\/parafiambrniepolomice.pl\/index.php?rest_route=%2Fwp%2Fv2%2Fcategories&post=1576"},{"taxonomy":"post_tag","embeddable":true,"href":"https:\/\/parafiambrniepolomice.pl\/index.php?rest_route=%2Fwp%2Fv2%2Ftags&post=1576"}],"curies":[{"name":"wp","href":"https:\/\/api.w.org\/{rel}","templated":true}]}}