{"id":1948,"date":"2026-09-01T09:53:09","date_gmt":"2026-09-01T07:53:09","guid":{"rendered":"https:\/\/parafiambrniepolomice.pl\/?p=1948"},"modified":"2026-09-01T09:54:54","modified_gmt":"2026-09-01T07:54:54","slug":"intencje-mszalne-wrzesien-2026","status":"publish","type":"post","link":"https:\/\/parafiambrniepolomice.pl\/?p=1948","title":{"rendered":"Intencje mszalne \u2013 wrzesie\u0144 2026"},"content":{"rendered":"\n<p class=\"wp-block-paragraph\"><strong>01. 09.2026 wtorek <\/strong> <\/p>\n\n\n\n<p class=\"wp-block-paragraph\"><strong>7 : 00<\/strong> + Helena, Janusz od Janiny i Mieczys\u0142awa Gaber<\/p>\n\n\n\n<p class=\"wp-block-paragraph\"><strong>18 : 00 <\/strong>+ Pawe\u0142 Kryza<\/p>\n\n\n\n<p class=\"wp-block-paragraph\"><strong>02.09.2026 \u015broda<\/strong><\/p>\n\n\n\n<p class=\"wp-block-paragraph\"><strong>7 : 00<\/strong> + Pawe\u0142 Kryza<\/p>\n\n\n\n<p class=\"wp-block-paragraph\"><strong>18 : 00<\/strong> + Stefania Dadej na imieniny<\/p>\n\n\n\n<p class=\"wp-block-paragraph\"><strong>03.09.2026 czwartek<\/strong><\/p>\n\n\n\n<p class=\"wp-block-paragraph\"><strong>7 : 00<\/strong> + Krzysztof Przyby\u015b od kolegi Janusza z \u017bon\u0105<\/p>\n\n\n\n<p class=\"wp-block-paragraph\"><strong>18 : 00<\/strong> + Pawe\u0142 Kryza<\/p>\n\n\n\n<p class=\"wp-block-paragraph\"><strong>04.09.2026 pi\u0105tek<\/strong><\/p>\n\n\n\n<p class=\"wp-block-paragraph\"><strong>7 : 00<\/strong> + Pawe\u0142 Kryza<\/p>\n\n\n\n<p class=\"wp-block-paragraph\"><strong>18 : 00<\/strong> W 18 r. Urodzin Wiktorii od Rodziny<\/p>\n\n\n\n<p class=\"wp-block-paragraph\"><strong>05.09.2026 sobota<\/strong><\/p>\n\n\n\n<p class=\"wp-block-paragraph\"><strong>7 : 00<\/strong> + Pawe\u0142 Kryza<\/p>\n\n\n\n<p class=\"wp-block-paragraph\"><strong>18 : 00<\/strong> W 50 rocznic\u0119 \u015blubu Gra\u017cyny i Jana i wnuk\u00f3w<\/p>\n\n\n\n<p class=\"wp-block-paragraph\">               +  Krystyna Rerutkiewicz &#8211; D\u0105browa w 1 rocznic\u0119 \u015bmierci<\/p>\n\n\n\n<p class=\"wp-block-paragraph\"><strong>06.09.2026 niedziela<\/strong><\/p>\n\n\n\n<p class=\"wp-block-paragraph\"><strong>7 : 00<\/strong> + J\u00f3zef Wajda &#8211; w 12 rocznic\u0119 \u015bmierci, W\u0142adys\u0142aw Fiema &#8211; w 15 rocznic\u0119 \u015bmierci<\/p>\n\n\n\n<p class=\"wp-block-paragraph\"><\/p>\n\n\n\n<p class=\"wp-block-paragraph\"><\/p>\n","protected":false},"excerpt":{"rendered":"<p>01. 09.2026 wtorek 7 : 00 + Helena, Janusz od Janiny i Mieczys\u0142awa Gaber 18 : 00 + Pawe\u0142 Kryza 02.09.2026 \u015broda 7 : 00 + Pawe\u0142 Kryza 18 : 00 + Stefania Dadej na imieniny 03.09.2026 czwartek 7 : 00 + Krzysztof Przyby\u015b od kolegi Janusza z \u017bon\u0105 18 : 00 + Pawe\u0142 Kryza &hellip; <\/p>\n<p class=\"link-more\"><a href=\"https:\/\/parafiambrniepolomice.pl\/?p=1948\" class=\"more-link\">Czytaj dalej<span class=\"screen-reader-text\"> \u201eIntencje mszalne \u2013 wrzesie\u0144 2026\u201d<\/span><\/a><\/p>\n","protected":false},"author":3,"featured_media":424,"comment_status":"closed","ping_status":"","sticky":false,"template":"","format":"standard","meta":{"footnotes":""},"categories":[3],"tags":[],"class_list":["post-1948","post","type-post","status-publish","format-standard","has-post-thumbnail","hentry","category-intencje"],"_links":{"self":[{"href":"https:\/\/parafiambrniepolomice.pl\/index.php?rest_route=\/wp\/v2\/posts\/1948","targetHints":{"allow":["GET"]}}],"collection":[{"href":"https:\/\/parafiambrniepolomice.pl\/index.php?rest_route=\/wp\/v2\/posts"}],"about":[{"href":"https:\/\/parafiambrniepolomice.pl\/index.php?rest_route=\/wp\/v2\/types\/post"}],"author":[{"embeddable":true,"href":"https:\/\/parafiambrniepolomice.pl\/index.php?rest_route=\/wp\/v2\/users\/3"}],"replies":[{"embeddable":true,"href":"https:\/\/parafiambrniepolomice.pl\/index.php?rest_route=%2Fwp%2Fv2%2Fcomments&post=1948"}],"version-history":[{"count":2,"href":"https:\/\/parafiambrniepolomice.pl\/index.php?rest_route=\/wp\/v2\/posts\/1948\/revisions"}],"predecessor-version":[{"id":1950,"href":"https:\/\/parafiambrniepolomice.pl\/index.php?rest_route=\/wp\/v2\/posts\/1948\/revisions\/1950"}],"wp:featuredmedia":[{"embeddable":true,"href":"https:\/\/parafiambrniepolomice.pl\/index.php?rest_route=\/wp\/v2\/media\/424"}],"wp:attachment":[{"href":"https:\/\/parafiambrniepolomice.pl\/index.php?rest_route=%2Fwp%2Fv2%2Fmedia&parent=1948"}],"wp:term":[{"taxonomy":"category","embeddable":true,"href":"https:\/\/parafiambrniepolomice.pl\/index.php?rest_route=%2Fwp%2Fv2%2Fcategories&post=1948"},{"taxonomy":"post_tag","embeddable":true,"href":"https:\/\/parafiambrniepolomice.pl\/index.php?rest_route=%2Fwp%2Fv2%2Ftags&post=1948"}],"curies":[{"name":"wp","href":"https:\/\/api.w.org\/{rel}","templated":true}]}}