{"id":1957,"date":"2026-09-05T10:46:19","date_gmt":"2026-09-05T08:46:19","guid":{"rendered":"https:\/\/parafiambrniepolomice.pl\/?p=1957"},"modified":"2026-09-05T10:46:19","modified_gmt":"2026-09-05T08:46:19","slug":"ogloszenia-parafialne-xxiii-niedziela-zwykla-2","status":"publish","type":"post","link":"https:\/\/parafiambrniepolomice.pl\/?p=1957","title":{"rendered":"Og\u0142oszenia parafialne XXIII Niedziela Zwyk\u0142a"},"content":{"rendered":"\n<figure class=\"wp-block-image size-full\"><img loading=\"lazy\" decoding=\"async\" width=\"770\" height=\"471\" src=\"https:\/\/parafiambrniepolomice.pl\/wp-content\/uploads\/2025\/02\/ogloszenia-parafialne.jpg\" alt=\"\" class=\"wp-image-132\" srcset=\"https:\/\/parafiambrniepolomice.pl\/wp-content\/uploads\/2025\/02\/ogloszenia-parafialne.jpg 770w, https:\/\/parafiambrniepolomice.pl\/wp-content\/uploads\/2025\/02\/ogloszenia-parafialne-300x184.jpg 300w, https:\/\/parafiambrniepolomice.pl\/wp-content\/uploads\/2025\/02\/ogloszenia-parafialne-768x470.jpg 768w\" sizes=\"auto, (max-width: 706px) 89vw, (max-width: 767px) 82vw, 740px\" \/><\/figure>\n\n\n\n<p class=\"wp-block-paragraph\">Rozpocz\u0105\u0142 si\u0119 nowy rok szkolny, wszystkim nauczycielom i uczniom \u017cyczymy b\u0142ogos\u0142awionych owoc\u00f3w dobrego i pracowitego czasu.<\/p>\n\n\n\n<p class=\"wp-block-paragraph\">We wtorek \u015bwi\u0119to Narodzenia NMP.<\/p>\n\n\n\n<p class=\"wp-block-paragraph\">W sobot\u0119 po porannej Mszy \u015bw. R\u00f3\u017caniec w intencji dzieci nienarodzonych.<\/p>\n\n\n\n<p class=\"wp-block-paragraph\">Sk\u0142adka z ostatniej niedzieli wynios\u0142a 5810 z\u0142. Dzi\u0119kujemy parafianom z ul. D\u0142ugiej za posprz\u0105tanie Ko\u015bcio\u0142a i 650 z\u0142 ofiary. Prosimy, aby w przysz\u0142y pi\u0105tek sw\u00f3j Ko\u015bci\u00f3\u0142 posprz\u0105tali parafianie z ul. Grzybowej.<\/p>\n\n\n\n<p class=\"wp-block-paragraph\">10 wrze\u015bnia, w czwartek na godz.18:00 Przewodnicz\u0105cy Zarz\u0105du Osiedla Piaski zaprasza na Og\u00f3lne Zebranie Mieszka\u0144c\u00f3w w Laboratorium Aktywno\u015bci Spo\u0142ecznej &nbsp;&nbsp;&nbsp;&nbsp;&nbsp;&nbsp;&nbsp;&nbsp;&nbsp;&nbsp;&nbsp;&nbsp;&nbsp;&nbsp;&nbsp;&nbsp;&nbsp;&nbsp;&nbsp;&nbsp;&nbsp;&nbsp;&nbsp;&nbsp;&nbsp;&nbsp;&nbsp;&nbsp;&nbsp;przy ul. Boche\u0144skiej 26.<\/p>\n\n\n\n<p class=\"wp-block-paragraph\">13 wrze\u015bnia Pielgrzymka Rodzin do Kalwarii Zebrzydowskiej. Pocz\u0105tek Uroczysto\u015bci o godz. 9:00. Zach\u0119camy do indywidualnych wyjazd\u00f3w je\u017celi kto\u015b si\u0119 wybiera i m\u00f3g\u0142 by kogo\u015b zabra\u0107 prosimy o zg\u0142oszenie w zakrystii.<\/p>\n\n\n\n<p class=\"wp-block-paragraph\">13 wrze\u015bnia o godz. 13:00 Biblioteka oraz Zamek Kr\u00f3lewski w Niepo\u0142omicach zapraszaj\u0105 na Narodowe Czytanie na, kt\u00f3rym, zostan\u0105 odczytane fragmenty \u201eDziad\u00f3w\u201d Adama Mickiewicza. Spotkanie odb\u0119dzie si\u0119 na Zamku Kr\u00f3lewskim w Sali Akustycznej, wst\u0119p wolny. 16 wrze\u015bnia o godz. 19:00 &nbsp;w ko\u015bciele odb\u0119dzie spotkanie dla rodzic\u00f3w i dzieci przygotowuj\u0105cych si\u0119 do Pierwszej Spowiedzi i Komunii \u015awi\u0119tej.<\/p>\n","protected":false},"excerpt":{"rendered":"<p>Rozpocz\u0105\u0142 si\u0119 nowy rok szkolny, wszystkim nauczycielom i uczniom \u017cyczymy b\u0142ogos\u0142awionych owoc\u00f3w dobrego i pracowitego czasu. We wtorek \u015bwi\u0119to Narodzenia NMP. W sobot\u0119 po porannej Mszy \u015bw. R\u00f3\u017caniec w intencji dzieci nienarodzonych. Sk\u0142adka z ostatniej niedzieli wynios\u0142a 5810 z\u0142. Dzi\u0119kujemy parafianom z ul. D\u0142ugiej za posprz\u0105tanie Ko\u015bcio\u0142a i 650 z\u0142 ofiary. Prosimy, aby w przysz\u0142y &hellip; <\/p>\n<p class=\"link-more\"><a href=\"https:\/\/parafiambrniepolomice.pl\/?p=1957\" class=\"more-link\">Czytaj dalej<span class=\"screen-reader-text\"> \u201eOg\u0142oszenia parafialne XXIII Niedziela Zwyk\u0142a\u201d<\/span><\/a><\/p>\n","protected":false},"author":2,"featured_media":132,"comment_status":"closed","ping_status":"","sticky":false,"template":"","format":"standard","meta":{"footnotes":""},"categories":[2],"tags":[],"class_list":["post-1957","post","type-post","status-publish","format-standard","has-post-thumbnail","hentry","category-ogloszenia"],"_links":{"self":[{"href":"https:\/\/parafiambrniepolomice.pl\/index.php?rest_route=\/wp\/v2\/posts\/1957","targetHints":{"allow":["GET"]}}],"collection":[{"href":"https:\/\/parafiambrniepolomice.pl\/index.php?rest_route=\/wp\/v2\/posts"}],"about":[{"href":"https:\/\/parafiambrniepolomice.pl\/index.php?rest_route=\/wp\/v2\/types\/post"}],"author":[{"embeddable":true,"href":"https:\/\/parafiambrniepolomice.pl\/index.php?rest_route=\/wp\/v2\/users\/2"}],"replies":[{"embeddable":true,"href":"https:\/\/parafiambrniepolomice.pl\/index.php?rest_route=%2Fwp%2Fv2%2Fcomments&post=1957"}],"version-history":[{"count":1,"href":"https:\/\/parafiambrniepolomice.pl\/index.php?rest_route=\/wp\/v2\/posts\/1957\/revisions"}],"predecessor-version":[{"id":1958,"href":"https:\/\/parafiambrniepolomice.pl\/index.php?rest_route=\/wp\/v2\/posts\/1957\/revisions\/1958"}],"wp:featuredmedia":[{"embeddable":true,"href":"https:\/\/parafiambrniepolomice.pl\/index.php?rest_route=\/wp\/v2\/media\/132"}],"wp:attachment":[{"href":"https:\/\/parafiambrniepolomice.pl\/index.php?rest_route=%2Fwp%2Fv2%2Fmedia&parent=1957"}],"wp:term":[{"taxonomy":"category","embeddable":true,"href":"https:\/\/parafiambrniepolomice.pl\/index.php?rest_route=%2Fwp%2Fv2%2Fcategories&post=1957"},{"taxonomy":"post_tag","embeddable":true,"href":"https:\/\/parafiambrniepolomice.pl\/index.php?rest_route=%2Fwp%2Fv2%2Ftags&post=1957"}],"curies":[{"name":"wp","href":"https:\/\/api.w.org\/{rel}","templated":true}]}}