{"id":1959,"date":"2026-09-05T20:53:24","date_gmt":"2026-09-05T18:53:24","guid":{"rendered":"https:\/\/parafiambrniepolomice.pl\/?p=1959"},"modified":"2026-09-05T20:53:24","modified_gmt":"2026-09-05T18:53:24","slug":"xxiii-niedziela-zwykla-06-09-2026","status":"publish","type":"post","link":"https:\/\/parafiambrniepolomice.pl\/?p=1959","title":{"rendered":"XXIII Niedziela zwyk\u0142a 06.09.2026"},"content":{"rendered":"\n<p class=\"wp-block-paragraph\">Upomnienie drugiego cz\u0142owieka \u2013 jak pisze sam ewangelista Mateusz \u2013 zak\u0142ada 3 etapy. Najpierw \u2013 w cztery oczy. Potem \u2013 w obecno\u015bci dw\u00f3ch \u015bwiadk\u00f3w. Na koniec za\u015b \u2013 wobec ca\u0142ej wsp\u00f3lnoty Ko\u015bcio\u0142a. Upomnienie ma na celu ocali\u0107 wsp\u00f3\u0142prac\u0119. Ten cz\u0142owiek ma powr\u00f3ci\u0107 na \u0142ono wsp\u00f3lnoty i Ko\u015bcio\u0142a \u2013 do jedno\u015bci z Jezusem. M\u0105dro\u015b\u0107 roztropnego dzia\u0142ania otrzymujemy na modlitwie. Gdzie dwaj zgodnie o co\u015b prosz\u0105 w imi\u0119 Jezusa, to otrzymaj\u0105. M\u0105dro\u015b\u0107 upominania drugiego cz\u0142owieka p\u0142ynie przez modlitw\u0119 w duchu mi\u0142o\u015bci. Chcemy pozyska\u0107 ka\u017cdego dla Chrystusa. Pragniemy zrobi\u0107 wszystko, aby nasta\u0142 jeden pasterz i nasta\u0142a jedna owczarnia. Wyb\u00f3r i decyzj\u0119 pozostawiamy tym, do kt\u00f3rych B\u00f3g nas posy\u0142a w naszym codziennym \u017cyciu. Niech obok naszych s\u0142\u00f3w \u015bwiadectwem b\u0119d\u0105 nasze uczynki. Mi\u0142o\u015b\u0107 wype\u0142nia ca\u0142e prawo i od pocz\u0105tku istnienia chrze\u015bcijan wywo\u0142ywa\u0142a w\u015br\u00f3d pogan zachwyt. Niech i dzi\u015b \u015bwiadectwo naszej mi\u0142o\u015bci do Boga i drugiego cz\u0142owieka porywa innych do Jezusa.<\/p>\n","protected":false},"excerpt":{"rendered":"<p>Upomnienie drugiego cz\u0142owieka \u2013 jak pisze sam ewangelista Mateusz \u2013 zak\u0142ada 3 etapy. Najpierw \u2013 w cztery oczy. Potem \u2013 w obecno\u015bci dw\u00f3ch \u015bwiadk\u00f3w. Na koniec za\u015b \u2013 wobec ca\u0142ej wsp\u00f3lnoty Ko\u015bcio\u0142a. Upomnienie ma na celu ocali\u0107 wsp\u00f3\u0142prac\u0119. Ten cz\u0142owiek ma powr\u00f3ci\u0107 na \u0142ono wsp\u00f3lnoty i Ko\u015bcio\u0142a \u2013 do jedno\u015bci z Jezusem. M\u0105dro\u015b\u0107 roztropnego dzia\u0142ania &hellip; <\/p>\n<p class=\"link-more\"><a href=\"https:\/\/parafiambrniepolomice.pl\/?p=1959\" class=\"more-link\">Czytaj dalej<span class=\"screen-reader-text\"> \u201eXXIII Niedziela zwyk\u0142a 06.09.2026\u201d<\/span><\/a><\/p>\n","protected":false},"author":3,"featured_media":1960,"comment_status":"closed","ping_status":"","sticky":false,"template":"","format":"standard","meta":{"footnotes":""},"categories":[4],"tags":[],"class_list":["post-1959","post","type-post","status-publish","format-standard","has-post-thumbnail","hentry","category-wydarzenia"],"_links":{"self":[{"href":"https:\/\/parafiambrniepolomice.pl\/index.php?rest_route=\/wp\/v2\/posts\/1959","targetHints":{"allow":["GET"]}}],"collection":[{"href":"https:\/\/parafiambrniepolomice.pl\/index.php?rest_route=\/wp\/v2\/posts"}],"about":[{"href":"https:\/\/parafiambrniepolomice.pl\/index.php?rest_route=\/wp\/v2\/types\/post"}],"author":[{"embeddable":true,"href":"https:\/\/parafiambrniepolomice.pl\/index.php?rest_route=\/wp\/v2\/users\/3"}],"replies":[{"embeddable":true,"href":"https:\/\/parafiambrniepolomice.pl\/index.php?rest_route=%2Fwp%2Fv2%2Fcomments&post=1959"}],"version-history":[{"count":1,"href":"https:\/\/parafiambrniepolomice.pl\/index.php?rest_route=\/wp\/v2\/posts\/1959\/revisions"}],"predecessor-version":[{"id":1961,"href":"https:\/\/parafiambrniepolomice.pl\/index.php?rest_route=\/wp\/v2\/posts\/1959\/revisions\/1961"}],"wp:featuredmedia":[{"embeddable":true,"href":"https:\/\/parafiambrniepolomice.pl\/index.php?rest_route=\/wp\/v2\/media\/1960"}],"wp:attachment":[{"href":"https:\/\/parafiambrniepolomice.pl\/index.php?rest_route=%2Fwp%2Fv2%2Fmedia&parent=1959"}],"wp:term":[{"taxonomy":"category","embeddable":true,"href":"https:\/\/parafiambrniepolomice.pl\/index.php?rest_route=%2Fwp%2Fv2%2Fcategories&post=1959"},{"taxonomy":"post_tag","embeddable":true,"href":"https:\/\/parafiambrniepolomice.pl\/index.php?rest_route=%2Fwp%2Fv2%2Ftags&post=1959"}],"curies":[{"name":"wp","href":"https:\/\/api.w.org\/{rel}","templated":true}]}}