{"id":602,"date":"2025-03-31T16:30:12","date_gmt":"2025-03-31T14:30:12","guid":{"rendered":"https:\/\/parafiambrniepolomice.pl\/?p=602"},"modified":"2025-04-26T11:58:51","modified_gmt":"2025-04-26T09:58:51","slug":"intencje-mszalne-kwiecien-2025","status":"publish","type":"post","link":"https:\/\/parafiambrniepolomice.pl\/?p=602","title":{"rendered":"Intencje mszalne kwiecie\u0144 2025"},"content":{"rendered":"\n<figure class=\"wp-block-image size-full\"><img loading=\"lazy\" decoding=\"async\" width=\"700\" height=\"470\" src=\"https:\/\/parafiambrniepolomice.pl\/wp-content\/uploads\/2025\/02\/intencje-mszalne.jpg\" alt=\"\" class=\"wp-image-424\" srcset=\"https:\/\/parafiambrniepolomice.pl\/wp-content\/uploads\/2025\/02\/intencje-mszalne.jpg 700w, https:\/\/parafiambrniepolomice.pl\/wp-content\/uploads\/2025\/02\/intencje-mszalne-300x201.jpg 300w\" sizes=\"auto, (max-width: 700px) 100vw, 700px\" \/><\/figure>\n\n\n\n<p><strong>1.04.2025 (wtorek)<\/strong><\/p>\n\n\n\n<p><strong>7:00<\/strong> + Dorota We\u0142na \u2013 od Ani Ryglowskiej<\/p>\n\n\n\n<p><strong>18:00<\/strong> +Gra\u017cyna Kobus \u2013 na urodziny i imieniny od m\u0119\u017ca i rodziny<\/p>\n\n\n\n<p><strong>2.04.2025 (\u015broda)<\/strong><\/p>\n\n\n\n<p><strong>7:00<\/strong> + Irena Szewczyk w 4.r \u015bmierci od c\u00f3rki Anny z rodzin\u0105<\/p>\n\n\n\n<p><strong>18:00<\/strong> + Jan Depa<\/p>\n\n\n\n<p><strong>3.04.2025 (czwartek<\/strong>)<\/p>\n\n\n\n<p><strong>7:00<\/strong> + Marian Firlit \u2013 od firmy JSF Silikon<\/p>\n\n\n\n<p><strong>18:00<\/strong><\/p>\n\n\n\n<ol class=\"wp-block-list\">\n<li>+ Wanda G\u0142owacka \u2013 od s\u0105siad\u00f3w i syna z Zagrody<\/li>\n\n\n\n<li>Za R\u00f3\u017c\u0119 MB Czestochowskiej<\/li>\n<\/ol>\n\n\n\n<p><strong>4.04.2025 (pi\u0105tek)<\/strong><\/p>\n\n\n\n<p><strong>7:00 &nbsp;<\/strong>W intencji Bogu wiadomej<\/p>\n\n\n\n<p><strong>18:00<\/strong> + Wiktoria i Jan G\u00f3ra<\/p>\n\n\n\n<p><strong>5.04.2025 (sobota) Pierwsza Sobota miesi\u0105ca<\/strong><\/p>\n\n\n\n<p><strong>7:00<\/strong> W intencji Bogu wiadomej<\/p>\n\n\n\n<p><strong>18:00<\/strong> + J\u00f3zef Radwa\u0144ska\u2013 &nbsp;1.r. od \u017cony i dzieci<\/p>\n\n\n\n<p class=\"has-vivid-red-color has-text-color has-link-color wp-elements-902a8d30264204ce85215756ad7291c4\"><strong>6.04.2025 \u2013 V Niedziela Wielkiego Postu<\/strong><\/p>\n\n\n\n<p class=\"has-vivid-red-color has-text-color has-link-color wp-elements-688d8d6dd6ab1c697807c3eb1a27457c\"><strong>7:00<\/strong> + Maria Jele\u0144 w rocznic\u0119 \u015bmierci<\/p>\n\n\n\n<p class=\"has-vivid-red-color has-text-color has-link-color wp-elements-ae7d1daed6a4ee18b0901f8b5c058a0e\"><strong>8:30 <\/strong>+ Stanis\u0142aw Orzechowski \u2013 od rodziny Kiec\u00f3w<\/p>\n\n\n\n<p class=\"has-vivid-red-color has-text-color has-link-color wp-elements-1ca3c1b8e5a15ea630cee1179a14006d\"><strong>10:00<\/strong> Halina Niedba\u0142a w rocznic\u0119 urodzin o opiek\u0119 Bo\u017c\u0105 \u2013 od m\u0119\u017ca z dzie\u0107mi<\/p>\n\n\n\n<p class=\"has-vivid-red-color has-text-color has-link-color wp-elements-7b76c66b81557e1e38a6a97378e04e0c\"><strong>11:30<\/strong> + Czes\u0142awa Pacyga w 10. Rocznic\u0119 \u015bmierci i \u015bp. Jan Pacyga<\/p>\n\n\n\n<p class=\"has-vivid-red-color has-text-color has-link-color wp-elements-fad8e95852c12d98f5c8dd9e4367da48\"><strong>15:45<\/strong> &nbsp;Za dusze w czy\u015b\u0107cu cierpi\u0105ce wybrane przez Maryj\u0119<\/p>\n\n\n\n<p class=\"has-vivid-red-color has-text-color has-link-color wp-elements-32a056b024656790b98157956f24d7e1\"><strong>18:00<\/strong> + Albina Biernat \u2013 1r. \u015bmierci \u2013 od bratowej Teresy z m\u0119\u017cem Bogus\u0142awem<\/p>\n\n\n\n<p><strong>7.04.2025 ( poniedzia\u0142ek)<\/strong><\/p>\n\n\n\n<p><strong>7:00 <\/strong>+ Franciszek G\u00f3rka<\/p>\n\n\n\n<p><strong>18:00 <\/strong>+ Marian Firlit \u2013 od Teresy Trzos<\/p>\n\n\n\n<p><strong>8.04.2025 ( wtorek )<\/strong><\/p>\n\n\n\n<p><strong>7:00<\/strong> + Marian Firlit \u2013 od J\u00f3zefa S\u0105del<\/p>\n\n\n\n<p><strong>18:00<\/strong> + w intencji Bogu wiadomej<\/p>\n\n\n\n<p><strong>9.04.2025 (\u015broda)<\/strong><\/p>\n\n\n\n<p><strong>7:00<\/strong><\/p>\n\n\n\n<p><strong>18:00<\/strong><\/p>\n\n\n\n<p><strong>10.04.2025 (czwartek)<\/strong><\/p>\n\n\n\n<p><strong>7:00<\/strong><\/p>\n\n\n\n<p><strong>18:00 <\/strong>R\u00f3\u017ca \u015bw. Karola Boromeusza<\/p>\n\n\n\n<p><strong>11.04.2025 (pi\u0105tek)<\/strong><\/p>\n\n\n\n<p><strong>7:00<\/strong><\/p>\n\n\n\n<p><strong>18:00 <\/strong>+ Marian Firlit &#8211; od Ireny S\u0105del<\/p>\n\n\n\n<p><strong>12.04.2025 (sobota)<\/strong><\/p>\n\n\n\n<p><strong>7:00 <\/strong> + Marian Firlit &#8211; od s\u0105siad\u00f3w Renaty i Damiana Ja\u0142ocha<\/p>\n\n\n\n<p><strong>18:00 <\/strong>+ Aniela Nosek &#8211; od c\u00f3rki z rodzin\u0105<\/p>\n\n\n\n<p class=\"has-vivid-red-color has-text-color has-link-color wp-elements-1b526912fdd00507caa06fd15f6c685e\"><strong>13.04.2025 (niedziela) NIEDZIELA PALMOWA<\/strong><\/p>\n\n\n\n<p class=\"has-vivid-red-color has-text-color has-link-color wp-elements-fd28466c200a9209db6b254afdfdc8f3\"><strong>7:00 <\/strong>+ Antonina i Czes\u0142aw Mleko oraz syn + Ryszard &#8211; od Barbary<\/p>\n\n\n\n<p class=\"has-vivid-red-color has-text-color has-link-color wp-elements-c86b05c1349c404bb26fea26077c7991\"><strong>8:30 <\/strong><\/p>\n\n\n\n<p class=\"has-vivid-red-color has-text-color has-link-color wp-elements-824642b01762958c850ebad8c1bbdc63\"><strong>10:00 <\/strong>Za Kub\u0119 w 18 rocznic\u0119 urodzin &#8211; od dziadk\u00f3w<\/p>\n\n\n\n<p class=\"has-vivid-red-color has-text-color has-link-color wp-elements-b2ac2b680de51149f699e3a48976b848\"><strong>11:30 <\/strong>+ Antonina Pasternak w 10 rocznic\u0119 \u015bmierci &#8211; od syna Tadeusza<\/p>\n\n\n\n<p class=\"has-vivid-red-color has-text-color has-link-color wp-elements-7928aa2c943983b8103c8a579b0f7c16\"><strong>15:45 <\/strong> O Bo\u017ce b\u0142ogos\u0142awie\u0144stwo i zdrowie dla Janiny<\/p>\n\n\n\n<p class=\"has-vivid-red-color has-text-color has-link-color wp-elements-aaa292eb97dbcb25e338e1ccf20f229a\"><strong>18:00<\/strong><\/p>\n\n\n\n<p><strong>14.04.2025 (poniedzia\u0142ek) WIELKI PONIEDZIA\u0141EK<\/strong><\/p>\n\n\n\n<p><strong>7:00<\/strong><\/p>\n\n\n\n<p><strong>18:00<\/strong><\/p>\n\n\n\n<p><strong>15.04.2025 (wtorek)<\/strong> <strong>WIELKI WTOREK<\/strong><\/p>\n\n\n\n<p><strong>7:00<\/strong><\/p>\n\n\n\n<p><strong>18:00<\/strong><\/p>\n\n\n\n<p><strong>16.04.2025 (\u015broda) WIELKA \u015aRODA<\/strong><\/p>\n\n\n\n<p><strong>7:00<\/strong><\/p>\n\n\n\n<p><strong>18.00<\/strong><\/p>\n\n\n\n<p><strong>17.04.2025 (czwartek)<\/strong> <strong> WIELKI CZWARTEK<\/strong><\/p>\n\n\n\n<p><strong>18:00  <\/strong>Za ks. Bp. Damiana oraz za ksi\u0119\u017cy Edwarda, Zdzis\u0142awa, Jacka, Piotra, Piotra Tylca &#8211; od Margaretek<\/p>\n\n\n\n<p><strong>18.04.2025 (pi\u0105tek) WIELKI PI\u0104TEK<\/strong><\/p>\n\n\n\n<p><strong>18:00<\/strong><\/p>\n\n\n\n<p><strong>19.04.2025 (sobota) WIELKA SOBOTA<\/strong><\/p>\n\n\n\n<p><strong>20:00  <\/strong><\/p>\n\n\n\n<p><strong>1) <\/strong> O nawr\u00f3cenie dla Agnieszki<\/p>\n\n\n\n<p><strong>2) <\/strong>Za Katarzyn\u0119 i Andrzeja w 35 rocznic\u0119 \u015blubu oraz o Bo\u017ce b\u0142ogos\u0142awie\u0144stwo dla c\u00f3rek<\/p>\n\n\n\n<p class=\"has-vivid-red-color has-text-color has-link-color wp-elements-af41d940677ccf824f702c7c3cec6524\"><strong>20.04.2025 (niedziela) NIEDZIELA ZMARTWYCHWSTANIA PA\u0143SKIEGO<\/strong><\/p>\n\n\n\n<p class=\"has-vivid-red-color has-text-color has-link-color wp-elements-98ea983b15d9a57d9e944976a16102ea\"><strong>7:00 <\/strong>+ Jan Pilch &#8211; od Aleksandry i Zygmunta Fiema<\/p>\n\n\n\n<p class=\"has-vivid-red-color has-text-color has-link-color wp-elements-c86b05c1349c404bb26fea26077c7991\"><strong>8:30 <\/strong><\/p>\n\n\n\n<ol class=\"wp-block-list\">\n<li class=\"has-vivid-red-color has-text-color has-link-color wp-elements-42e24f96119aa75a2c012ac992e2b0be\">W intencji Bogu wiadomej<\/li>\n\n\n\n<li class=\"has-vivid-red-color has-text-color has-link-color wp-elements-70f6aefb540143d2b20ceff49ca2d765\">+ Honorata Mrowiec<\/li>\n<\/ol>\n\n\n\n<p class=\"has-vivid-red-color has-text-color has-link-color wp-elements-4e631c0a75ea572fafc358eb3839091d\"><strong>10:00 <\/strong>Za Nikodema w 3 rocznic\u0119 urodzin &#8211; od rodzic\u00f3w<\/p>\n\n\n\n<p class=\"has-vivid-red-color has-text-color has-link-color wp-elements-a213da85ccb3455a8708faa4268bf72c\"><strong>11:30<\/strong><\/p>\n\n\n\n<ol class=\"wp-block-list\">\n<li class=\"has-vivid-red-color has-text-color has-link-color wp-elements-838694c8d4fac1b3c42d9574bc9ae881\">+ Jan i Czes\u0142awa Pacyga<\/li>\n\n\n\n<li class=\"has-vivid-red-color has-text-color has-link-color wp-elements-e80ce337298d10463fe9e1f54dfed13b\">O Bo\u017ce b\u0142ogos\u0142awie\u0144stwo podczas egzamin\u00f3w dla Natalii<\/li>\n<\/ol>\n\n\n\n<p class=\"has-vivid-red-color has-text-color has-link-color wp-elements-7986c81e6268d31de0375bab2099a02c\"><strong>18:00 <\/strong>+ Halina i Andrzej Gesing<\/p>\n\n\n\n<p class=\"has-vivid-red-color has-text-color has-link-color wp-elements-6b0bbd89f74a89ac0c2ba789717735b9\"><strong>21.04.2025 (poniedzia\u0142ek)  PONIEDZIA\u0141EK WIELKANOCNY<\/strong><\/p>\n\n\n\n<p class=\"has-vivid-red-color has-text-color has-link-color wp-elements-384d8b08f8cb7a8a0ce4994b7df37bbf\"><strong>7:00 <\/strong>+Tadeusz K\u0105cki &#8211; od R\u00f3\u017cy \u015bw. Karola Boromeusza<\/p>\n\n\n\n<p class=\"has-vivid-red-color has-text-color has-link-color wp-elements-1827f883f5f1b18fc6954f59e947999d\"><strong>8:30 <\/strong>+ Helena Brudnik &#8211; od m\u0119\u017ca, dzieci i wnucz\u0105t<\/p>\n\n\n\n<p class=\"has-vivid-red-color has-text-color has-link-color wp-elements-70bbc47f3c4c13dd0bd970b5a03a6f31\"><strong>10:00 <\/strong><\/p>\n\n\n\n<p class=\"has-vivid-red-color has-text-color has-link-color wp-elements-ef9d4aceab59e66155f938270ba1a462\"><strong>11:30 <\/strong> Za Mari\u0119 i Antoniego w 40 rocznic\u0119 \u015blubu &#8211; od dzieci i wnuk\u00f3w<\/p>\n\n\n\n<p class=\"has-vivid-red-color has-text-color has-link-color wp-elements-d9e1a8b2290cae028354d7c2424b0352\"><strong>18:00 <\/strong>+ Zbigniew Rogowski &#8211; od rodziny Siej\u00f3w<\/p>\n\n\n\n<p><strong>22.04.2025 (wtorek)<\/strong><\/p>\n\n\n\n<p><strong>7:00 <\/strong>+ Ma\u0142gorzata Paluch &#8211; od kole\u017canek z pracy Ewy i Marty<\/p>\n\n\n\n<p><strong>18:00 <\/strong>+ Jan Czajka &#8211; w rocznic\u0119 \u015bmierci<\/p>\n\n\n\n<p><strong>23.04.2025 (\u015broda)<\/strong><\/p>\n\n\n\n<p><strong>7:00 <\/strong>+ Albina Zasadni &#8211; od Marii i W\u0142odzimierza Kulik\u00f3w<\/p>\n\n\n\n<p><strong>18:00 <\/strong>+ Helena Brudnik na urodziny &#8211; od m\u0119\u017ca, dzieci i wnucz\u0105t<\/p>\n\n\n\n<p><strong>24.04.2025 (czwartek)<\/strong><\/p>\n\n\n\n<p><strong>7:00 <\/strong> + Tadeusz K\u0105cki &#8211; od wnuczki Kamili<\/p>\n\n\n\n<p><strong>18:00 <\/strong>+ Albina Zasadni &#8211; od Marii i Kazimierza Gadowskich<\/p>\n\n\n\n<p><strong>25.04.2025 (pi\u0105tek)<\/strong><\/p>\n\n\n\n<p><strong>7:00 <\/strong>+ Edward<\/p>\n\n\n\n<p><strong>18:00 <\/strong>+ Albina Zasadni &#8211; od dyrekcji, pracownik\u00f3w i mieszka\u0144c\u00f3w Domu Opieki w Stani\u0105tkach<\/p>\n\n\n\n<p><strong>26.04.2025 (sobota)<\/strong><\/p>\n\n\n\n<p><strong>7:00 <\/strong>+ Zofia Tomera &#8211; od m\u0119\u017ca i c\u00f3rki z rodzin\u0105<\/p>\n\n\n\n<p><strong>18:00 <\/strong>Za Krzysztofa i Ma\u0142gorzat\u0119 w 35 rocznic\u0119 \u015blubu o Bo\u017ce b\u0142ogos\u0142. i Dary Ducha \u015bw. &#8211; od mamy i syn\u00f3w<\/p>\n\n\n\n<p class=\"has-vivid-red-color has-text-color has-link-color wp-elements-473ea7187950167c94f02ba59679c044\"><strong>27.04.2025 (niedziela)<\/strong> <strong>NIEDZIELA MI\u0141OSIERDZIA<\/strong><\/p>\n\n\n\n<p class=\"has-vivid-red-color has-text-color has-link-color wp-elements-8d900d51c21d2ba3e2343dd444c9d047\"><strong>7:00  <\/strong>+ Stanis\u0142aw Orzechowski &#8211; od syna Marka<\/p>\n\n\n\n<p class=\"has-vivid-red-color has-text-color has-link-color wp-elements-c86b05c1349c404bb26fea26077c7991\"><strong>8:30 <\/strong><\/p>\n\n\n\n<ol class=\"wp-block-list\">\n<li class=\"has-vivid-red-color has-text-color has-link-color wp-elements-ae99952e680916e50c35dfb25106b5d4\">Za Krystyn\u0119 i Andrzeja w 40 rocznic\u0119 \u015blubu<\/li>\n\n\n\n<li class=\"has-vivid-red-color has-text-color has-link-color wp-elements-87700d131184178b145d767b89e2de18\">+ J\u00f3zefa Bystrowska<\/li>\n<\/ol>\n\n\n\n<p class=\"has-vivid-red-color has-text-color has-link-color wp-elements-3354f5eeb43ca1ca99fad6f5237be048\"><strong>10:00<\/strong><\/p>\n\n\n\n<p class=\"has-vivid-red-color has-text-color has-link-color wp-elements-a213da85ccb3455a8708faa4268bf72c\"><strong>11:30<\/strong><\/p>\n\n\n\n<ol class=\"wp-block-list\">\n<li class=\"has-vivid-red-color has-text-color has-link-color wp-elements-181df3ce396e61c3fe1b0a031488189c\">Za Mari\u0119 i Antoniego w 40 rocznic\u0119 \u015blubu<\/li>\n\n\n\n<li class=\"has-vivid-red-color has-text-color has-link-color wp-elements-fde5215d3bcc75fd2d8ba4dd2b649c61\">+ Bogus\u0142aw K\u0105cki w dniu urodzin &#8211; od c\u00f3rki Patrycji z rodzin\u0105<\/li>\n<\/ol>\n\n\n\n<p class=\"has-vivid-red-color has-text-color has-link-color wp-elements-2ff935bf8baed4c6af4b660d360a6588\"><strong>18:00  <\/strong>+ Czes\u0142awa i Jan Pacyga<\/p>\n\n\n\n<p><strong>28.04.2025 (poniedzia\u0142ek)<\/strong><\/p>\n\n\n\n<p><strong> 7:00 <\/strong> + Tadeusz K\u0105cki &#8211; od opiekunek O\u015brodka Pomocy Spo\u0142ecznej<\/p>\n\n\n\n<p><strong>18:00 <\/strong>+ W\u0142adys\u0142aw i Leokadia Kacprzak<\/p>\n\n\n\n<p><strong>29.04.2025 (wtorek)<\/strong><\/p>\n\n\n\n<p><strong>7:00 <\/strong>\u00b7+ Albina Zasadni &#8211; od Marii Maslaniec z Woli Batorskiej<\/p>\n\n\n\n<p><strong>18:00 <\/strong>+Tadeusz K\u0105cki &#8211; od corki Anny<\/p>\n","protected":false},"excerpt":{"rendered":"<p>1.04.2025 (wtorek) 7:00 + Dorota We\u0142na \u2013 od Ani Ryglowskiej 18:00 +Gra\u017cyna Kobus \u2013 na urodziny i imieniny od m\u0119\u017ca i rodziny 2.04.2025 (\u015broda) 7:00 + Irena Szewczyk w 4.r \u015bmierci od c\u00f3rki Anny z rodzin\u0105 18:00 + Jan Depa 3.04.2025 (czwartek) 7:00 + Marian Firlit \u2013 od firmy JSF Silikon 18:00 4.04.2025 (pi\u0105tek) 7:00 &hellip; <\/p>\n<p class=\"link-more\"><a href=\"https:\/\/parafiambrniepolomice.pl\/?p=602\" class=\"more-link\">Czytaj dalej<span class=\"screen-reader-text\"> \u201eIntencje mszalne kwiecie\u0144 2025\u201d<\/span><\/a><\/p>\n","protected":false},"author":2,"featured_media":424,"comment_status":"closed","ping_status":"","sticky":false,"template":"","format":"standard","meta":{"footnotes":""},"categories":[3],"tags":[],"class_list":["post-602","post","type-post","status-publish","format-standard","has-post-thumbnail","hentry","category-intencje"],"_links":{"self":[{"href":"https:\/\/parafiambrniepolomice.pl\/index.php?rest_route=\/wp\/v2\/posts\/602","targetHints":{"allow":["GET"]}}],"collection":[{"href":"https:\/\/parafiambrniepolomice.pl\/index.php?rest_route=\/wp\/v2\/posts"}],"about":[{"href":"https:\/\/parafiambrniepolomice.pl\/index.php?rest_route=\/wp\/v2\/types\/post"}],"author":[{"embeddable":true,"href":"https:\/\/parafiambrniepolomice.pl\/index.php?rest_route=\/wp\/v2\/users\/2"}],"replies":[{"embeddable":true,"href":"https:\/\/parafiambrniepolomice.pl\/index.php?rest_route=%2Fwp%2Fv2%2Fcomments&post=602"}],"version-history":[{"count":9,"href":"https:\/\/parafiambrniepolomice.pl\/index.php?rest_route=\/wp\/v2\/posts\/602\/revisions"}],"predecessor-version":[{"id":760,"href":"https:\/\/parafiambrniepolomice.pl\/index.php?rest_route=\/wp\/v2\/posts\/602\/revisions\/760"}],"wp:featuredmedia":[{"embeddable":true,"href":"https:\/\/parafiambrniepolomice.pl\/index.php?rest_route=\/wp\/v2\/media\/424"}],"wp:attachment":[{"href":"https:\/\/parafiambrniepolomice.pl\/index.php?rest_route=%2Fwp%2Fv2%2Fmedia&parent=602"}],"wp:term":[{"taxonomy":"category","embeddable":true,"href":"https:\/\/parafiambrniepolomice.pl\/index.php?rest_route=%2Fwp%2Fv2%2Fcategories&post=602"},{"taxonomy":"post_tag","embeddable":true,"href":"https:\/\/parafiambrniepolomice.pl\/index.php?rest_route=%2Fwp%2Fv2%2Ftags&post=602"}],"curies":[{"name":"wp","href":"https:\/\/api.w.org\/{rel}","templated":true}]}}