{"id":952,"date":"2025-07-13T10:41:26","date_gmt":"2025-07-13T08:41:26","guid":{"rendered":"https:\/\/parafiambrniepolomice.pl\/?p=952"},"modified":"2025-07-13T10:42:12","modified_gmt":"2025-07-13T08:42:12","slug":"ogloszenia-parafialne-xv-niedziela-zwykla","status":"publish","type":"post","link":"https:\/\/parafiambrniepolomice.pl\/?p=952","title":{"rendered":"Og\u0142oszenia parafialne- XV Niedziela Zwyk\u0142a"},"content":{"rendered":"\n<figure class=\"wp-block-image size-full\"><img loading=\"lazy\" decoding=\"async\" width=\"770\" height=\"471\" src=\"https:\/\/parafiambrniepolomice.pl\/wp-content\/uploads\/2025\/02\/ogloszenia-parafialne.jpg\" alt=\"\" class=\"wp-image-132\" srcset=\"https:\/\/parafiambrniepolomice.pl\/wp-content\/uploads\/2025\/02\/ogloszenia-parafialne.jpg 770w, https:\/\/parafiambrniepolomice.pl\/wp-content\/uploads\/2025\/02\/ogloszenia-parafialne-300x184.jpg 300w, https:\/\/parafiambrniepolomice.pl\/wp-content\/uploads\/2025\/02\/ogloszenia-parafialne-768x470.jpg 768w\" sizes=\"auto, (max-width: 706px) 89vw, (max-width: 767px) 82vw, 740px\" \/><\/figure>\n\n\n\n<p>We wtorek wspomnienie \u015bw. Bonawentury, biskupa i doktora Ko\u015bcio\u0142a.<\/p>\n\n\n\n<p>W \u015brod\u0119 wspomnienie NMP z G\u00f3ry Karmel.<\/p>\n\n\n\n<p>W pi\u0105tek wspomnienie \u015bw. Szymona z Lipnicy, prezbitera.<\/p>\n\n\n\n<p>Sk\u0142adka z ostatniej Niedzieli wynios\u0142a 5150 z\u0142<\/p>\n\n\n\n<p>Dzi\u0119kujemy, parafianom z ul. Zabierzowskiej (od Nawar\u00f3w do Ma\u0142yszek) ul. Czackiej i Zielonej oraz 580 z\u0142 ofiary. Prosimy, aby w najbli\u017cszy pi\u0105tek sw\u00f3j Ko\u015bci\u00f3\u0142 posprz\u0105tali parafianie z ul. Zabierzowskiej (od pa\u0144stwa Ptak do Kulpa), oraz ulice Zab\u0142ocie i Klonowa.<\/p>\n\n\n\n<p>Za miesi\u0105c rusza Piesza Pielgrzymka Krakowska na Jasna G\u00f3r\u0119. Jak co roku mo\u017cna przez Bank Modlitwy powierzy\u0107 pielgrzymom swoje intencje modlitewne, napisa\u0107 je na kartce i wrzuci\u0107 do skrzynki przy wyj\u015bciu z Ko\u015bcio\u0142a. Dobrowolne ofiary przy tym z\u0142o\u017cone pomog\u0105 przy organizacji pielgrzymki. Szczeg\u00f3\u0142y zapis\u00f3w w p\u00f3\u017aniejszym terminie.<\/p>\n\n\n\n<p>Przewodnicz\u0105cy Osiedla Jazy wraz z Zarz\u0105dem Osiedla, serdecznie zaprasza na og\u00f3lne zebranie 14 lipca o 18.00 w Szkole Podstawowej nr 4. Zasady funduszu osiedlowego przedstawi\u0105 burmistrz Micha\u0142 Hebda i Prezes Fundacji Lepsze Niepo\u0142omice. &nbsp;<\/p>\n\n\n\n<p>Zach\u0119camy do nabywania katolickiej prasy przy wyj\u015bciu z Ko\u015bcio\u0142a.<\/p>\n\n\n\n<p><\/p>\n","protected":false},"excerpt":{"rendered":"<p>We wtorek wspomnienie \u015bw. Bonawentury, biskupa i doktora Ko\u015bcio\u0142a. W \u015brod\u0119 wspomnienie NMP z G\u00f3ry Karmel. W pi\u0105tek wspomnienie \u015bw. Szymona z Lipnicy, prezbitera. Sk\u0142adka z ostatniej Niedzieli wynios\u0142a 5150 z\u0142 Dzi\u0119kujemy, parafianom z ul. Zabierzowskiej (od Nawar\u00f3w do Ma\u0142yszek) ul. Czackiej i Zielonej oraz 580 z\u0142 ofiary. Prosimy, aby w najbli\u017cszy pi\u0105tek sw\u00f3j Ko\u015bci\u00f3\u0142 &hellip; <\/p>\n<p class=\"link-more\"><a href=\"https:\/\/parafiambrniepolomice.pl\/?p=952\" class=\"more-link\">Czytaj dalej<span class=\"screen-reader-text\"> \u201eOg\u0142oszenia parafialne- XV Niedziela Zwyk\u0142a\u201d<\/span><\/a><\/p>\n","protected":false},"author":2,"featured_media":132,"comment_status":"closed","ping_status":"","sticky":false,"template":"","format":"standard","meta":{"footnotes":""},"categories":[2],"tags":[],"class_list":["post-952","post","type-post","status-publish","format-standard","has-post-thumbnail","hentry","category-ogloszenia"],"_links":{"self":[{"href":"https:\/\/parafiambrniepolomice.pl\/index.php?rest_route=\/wp\/v2\/posts\/952","targetHints":{"allow":["GET"]}}],"collection":[{"href":"https:\/\/parafiambrniepolomice.pl\/index.php?rest_route=\/wp\/v2\/posts"}],"about":[{"href":"https:\/\/parafiambrniepolomice.pl\/index.php?rest_route=\/wp\/v2\/types\/post"}],"author":[{"embeddable":true,"href":"https:\/\/parafiambrniepolomice.pl\/index.php?rest_route=\/wp\/v2\/users\/2"}],"replies":[{"embeddable":true,"href":"https:\/\/parafiambrniepolomice.pl\/index.php?rest_route=%2Fwp%2Fv2%2Fcomments&post=952"}],"version-history":[{"count":2,"href":"https:\/\/parafiambrniepolomice.pl\/index.php?rest_route=\/wp\/v2\/posts\/952\/revisions"}],"predecessor-version":[{"id":954,"href":"https:\/\/parafiambrniepolomice.pl\/index.php?rest_route=\/wp\/v2\/posts\/952\/revisions\/954"}],"wp:featuredmedia":[{"embeddable":true,"href":"https:\/\/parafiambrniepolomice.pl\/index.php?rest_route=\/wp\/v2\/media\/132"}],"wp:attachment":[{"href":"https:\/\/parafiambrniepolomice.pl\/index.php?rest_route=%2Fwp%2Fv2%2Fmedia&parent=952"}],"wp:term":[{"taxonomy":"category","embeddable":true,"href":"https:\/\/parafiambrniepolomice.pl\/index.php?rest_route=%2Fwp%2Fv2%2Fcategories&post=952"},{"taxonomy":"post_tag","embeddable":true,"href":"https:\/\/parafiambrniepolomice.pl\/index.php?rest_route=%2Fwp%2Fv2%2Ftags&post=952"}],"curies":[{"name":"wp","href":"https:\/\/api.w.org\/{rel}","templated":true}]}}